{"id":419,"date":"2017-03-11T08:56:07","date_gmt":"2017-03-11T07:56:07","guid":{"rendered":"http:\/\/www.waldspielplatz-boenninghardt.de\/?p=419"},"modified":"2017-04-12T09:16:30","modified_gmt":"2017-04-12T07:16:30","slug":"das-waldfegen-beendet-den-winterschlaf-des-waldspielplatzes","status":"publish","type":"post","link":"https:\/\/www.waldspielplatz-boenninghardt.de\/index.php\/2017\/03\/11\/das-waldfegen-beendet-den-winterschlaf-des-waldspielplatzes\/","title":{"rendered":"Das Waldfegen beendet den Winterschlaf des Waldspielplatzes"},"content":{"rendered":"<p>Am 11.03.2017 trafen sich wieder 17 Aktive aus den B\u00f6nninghardter Vereinen, um den Waldspielplatz aus dem Winterschlaf zu wecken. Im Herbst und Winter hatte sich wieder viel Laub auf dem Sand und den Waldfl\u00e4chen gelegt, welches beseitigt werden musste. Nach ein paar Stunden Arbeit erstrahlten die Spielger\u00e4te wieder vom Sand und der Boden vom Laub befreit. Zum Abschlu\u00df gab es f\u00fcr die fleissigen Helfer von Brigitte und R\u00fcdiger Kellerbach gegrillte W\u00fcrstchen und hei\u00dfe sowie kalte Getr\u00e4nke.<!--more--><\/p>\n<p>Wir danken allen Helfern f\u00fcr die tolle Arbeit. Unsere Kinder nutzen den Spielplatz schon wieder eifrig.<\/p>\n<div id=\"attachment_421\" style=\"width: 1210px\" class=\"wp-caption alignnone\"><a href=\"https:\/\/www.waldspielplatz-boenninghardt.de\/wp-content\/uploads\/2017\/04\/IMG_2616.jpg\"><img loading=\"lazy\" decoding=\"async\" aria-describedby=\"caption-attachment-421\" class=\"size-full wp-image-421\" src=\"https:\/\/www.waldspielplatz-boenninghardt.de\/wp-content\/uploads\/2017\/04\/IMG_2616.jpg\" alt=\"\" width=\"1200\" height=\"868\" srcset=\"https:\/\/www.waldspielplatz-boenninghardt.de\/wp-content\/uploads\/2017\/04\/IMG_2616.jpg 1200w, https:\/\/www.waldspielplatz-boenninghardt.de\/wp-content\/uploads\/2017\/04\/IMG_2616-300x217.jpg 300w, https:\/\/www.waldspielplatz-boenninghardt.de\/wp-content\/uploads\/2017\/04\/IMG_2616-415x300.jpg 415w\" sizes=\"auto, (max-width: 1200px) 100vw, 1200px\" \/><\/a><p id=\"caption-attachment-421\" class=\"wp-caption-text\">Waldfegen 2017 Helfer bei der Arbeit<\/p><\/div>\n<div id=\"attachment_422\" style=\"width: 1210px\" class=\"wp-caption alignnone\"><a href=\"https:\/\/www.waldspielplatz-boenninghardt.de\/wp-content\/uploads\/2017\/04\/IMG_2615.jpg\"><img loading=\"lazy\" decoding=\"async\" aria-describedby=\"caption-attachment-422\" class=\"size-full wp-image-422\" src=\"https:\/\/www.waldspielplatz-boenninghardt.de\/wp-content\/uploads\/2017\/04\/IMG_2615.jpg\" alt=\"\" width=\"1200\" height=\"621\" srcset=\"https:\/\/www.waldspielplatz-boenninghardt.de\/wp-content\/uploads\/2017\/04\/IMG_2615.jpg 1200w, https:\/\/www.waldspielplatz-boenninghardt.de\/wp-content\/uploads\/2017\/04\/IMG_2615-300x155.jpg 300w, https:\/\/www.waldspielplatz-boenninghardt.de\/wp-content\/uploads\/2017\/04\/IMG_2615-500x259.jpg 500w\" sizes=\"auto, (max-width: 1200px) 100vw, 1200px\" \/><\/a><p id=\"caption-attachment-422\" class=\"wp-caption-text\">Waldfegen 2017 mit schwerem Ger\u00e4t<\/p><\/div>\n<div id=\"attachment_420\" style=\"width: 1210px\" class=\"wp-caption alignnone\"><a href=\"https:\/\/www.waldspielplatz-boenninghardt.de\/wp-content\/uploads\/2017\/04\/IMG_2617.jpg\"><img loading=\"lazy\" decoding=\"async\" aria-describedby=\"caption-attachment-420\" class=\"size-full wp-image-420\" src=\"https:\/\/www.waldspielplatz-boenninghardt.de\/wp-content\/uploads\/2017\/04\/IMG_2617.jpg\" alt=\"\" width=\"1200\" height=\"883\" srcset=\"https:\/\/www.waldspielplatz-boenninghardt.de\/wp-content\/uploads\/2017\/04\/IMG_2617.jpg 1200w, https:\/\/www.waldspielplatz-boenninghardt.de\/wp-content\/uploads\/2017\/04\/IMG_2617-300x221.jpg 300w, https:\/\/www.waldspielplatz-boenninghardt.de\/wp-content\/uploads\/2017\/04\/IMG_2617-408x300.jpg 408w\" sizes=\"auto, (max-width: 1200px) 100vw, 1200px\" \/><\/a><p id=\"caption-attachment-420\" class=\"wp-caption-text\">Waldfegen 2017 St\u00e4rkung nach der Arbeit<\/p><\/div>\n","protected":false},"excerpt":{"rendered":"<p>Am 11.03.2017 trafen sich wieder 17 Aktive aus den B\u00f6nninghardter Vereinen, um den Waldspielplatz aus dem Winterschlaf zu wecken. Im Herbst und Winter hatte sich wieder viel Laub auf dem Sand und den Waldfl\u00e4chen gelegt, welches beseitigt werden musste. Nach &hellip; <a href=\"https:\/\/www.waldspielplatz-boenninghardt.de\/index.php\/2017\/03\/11\/das-waldfegen-beendet-den-winterschlaf-des-waldspielplatzes\/\">Weiterlesen <span class=\"meta-nav\">&rarr;<\/span><\/a><\/p>\n","protected":false},"author":1,"featured_media":0,"comment_status":"open","ping_status":"open","sticky":false,"template":"","format":"standard","meta":{"footnotes":""},"categories":[6],"tags":[],"class_list":["post-419","post","type-post","status-publish","format-standard","hentry","category-aktionen"],"_links":{"self":[{"href":"https:\/\/www.waldspielplatz-boenninghardt.de\/index.php\/wp-json\/wp\/v2\/posts\/419","targetHints":{"allow":["GET"]}}],"collection":[{"href":"https:\/\/www.waldspielplatz-boenninghardt.de\/index.php\/wp-json\/wp\/v2\/posts"}],"about":[{"href":"https:\/\/www.waldspielplatz-boenninghardt.de\/index.php\/wp-json\/wp\/v2\/types\/post"}],"author":[{"embeddable":true,"href":"https:\/\/www.waldspielplatz-boenninghardt.de\/index.php\/wp-json\/wp\/v2\/users\/1"}],"replies":[{"embeddable":true,"href":"https:\/\/www.waldspielplatz-boenninghardt.de\/index.php\/wp-json\/wp\/v2\/comments?post=419"}],"version-history":[{"count":2,"href":"https:\/\/www.waldspielplatz-boenninghardt.de\/index.php\/wp-json\/wp\/v2\/posts\/419\/revisions"}],"predecessor-version":[{"id":427,"href":"https:\/\/www.waldspielplatz-boenninghardt.de\/index.php\/wp-json\/wp\/v2\/posts\/419\/revisions\/427"}],"wp:attachment":[{"href":"https:\/\/www.waldspielplatz-boenninghardt.de\/index.php\/wp-json\/wp\/v2\/media?parent=419"}],"wp:term":[{"taxonomy":"category","embeddable":true,"href":"https:\/\/www.waldspielplatz-boenninghardt.de\/index.php\/wp-json\/wp\/v2\/categories?post=419"},{"taxonomy":"post_tag","embeddable":true,"href":"https:\/\/www.waldspielplatz-boenninghardt.de\/index.php\/wp-json\/wp\/v2\/tags?post=419"}],"curies":[{"name":"wp","href":"https:\/\/api.w.org\/{rel}","templated":true}]}}