{"id":666,"date":"2023-05-05T08:07:48","date_gmt":"2023-05-05T06:07:48","guid":{"rendered":"https:\/\/www.waldspielplatz-boenninghardt.de\/?p=666"},"modified":"2023-05-05T08:07:48","modified_gmt":"2023-05-05T06:07:48","slug":"50-jahre-waldspielplatz-boenninghardt","status":"publish","type":"post","link":"https:\/\/www.waldspielplatz-boenninghardt.de\/index.php\/2023\/05\/05\/50-jahre-waldspielplatz-boenninghardt\/","title":{"rendered":"50 Jahre &#8222;Waldspielplatz B\u00f6nninghardt&#8220;"},"content":{"rendered":"<p><a href=\"https:\/\/www.waldspielplatz-boenninghardt.de\/wp-content\/uploads\/2023\/05\/plakat_50Jahre.jpeg\"><img loading=\"lazy\" decoding=\"async\" class=\"alignnone size-full wp-image-668\" src=\"https:\/\/www.waldspielplatz-boenninghardt.de\/wp-content\/uploads\/2023\/05\/plakat_50Jahre.jpeg\" alt=\"\" width=\"841\" height=\"595\" srcset=\"https:\/\/www.waldspielplatz-boenninghardt.de\/wp-content\/uploads\/2023\/05\/plakat_50Jahre.jpeg 841w, https:\/\/www.waldspielplatz-boenninghardt.de\/wp-content\/uploads\/2023\/05\/plakat_50Jahre-300x212.jpeg 300w, https:\/\/www.waldspielplatz-boenninghardt.de\/wp-content\/uploads\/2023\/05\/plakat_50Jahre-424x300.jpeg 424w\" sizes=\"auto, (max-width: 841px) 100vw, 841px\" \/><\/a><\/p>\n<p><strong><em>Geburtstagsfeier am Samstag, 13. Mai von 14.00 bis 23.00 Uhr<\/em><\/strong><\/p>\n<p>Zu einer bunten, abwechslungsreichen und eintrittsfreien Geburtstagsfeier &#8211; 50 Jahre B\u00f6nninghardter Waldspielplatz &#8211; l\u00e4dt der B\u00f6nninghardter F\u00f6rderverein f\u00fcr Naturschutz und Brauchtum alle interessierten Kinder, Jugendliche und Erwachsene B\u00f6nninghardter*innen, aus den Alpener Ortsteilen und dar\u00fcber hinaus zum Mitfeiern ein. Ein breit aufgestelltes Rahmenprogramm sorgt daf\u00fcr, dass alle Besucher, Kinder, Jugendliche und Erwachsene einen kurzweiligen Tag erleben. Um 14.00 Uhr werden die Kinder den Wald-Spielplatz mit vielen Spielger\u00e4ten und einer zus\u00e4tzlichen aufgestellten H\u00fcpfburg, den Waldlehrpfad\u00a0 und das Waldklassenzimmer erobern k\u00f6nnen und die St. Martin KiTa B\u00f6nninghardt beginnt mit dem Kinderschminken und die Kfd B\u00f6nninghardt er\u00f6ffnen ihren Stand. Die Jugendfeuerwehr Alpen stellt sich mit Wasserspiele vor, das Jugend-DRK Alpen hat sich angesagt. Charlotte R\u00f6\u00f6s vermittelt Eindr\u00fccke \u00fcber das Leben auf dem Bauernhof. \u00a0Sie bringt ihre Kuh Lisa sowie Schafe \u00a0ggf. K\u00e4lbchen und Federvieh (Truthenne\/Pute) und eine Melkmaschine zum Probemelken mit. Die ehemalige Leiterin St. Martin B\u00f6nninghardt Frau Beate F\u00fcrtjes liest im Waldklassenzimmer M\u00e4rchen vor und ebenso im Waldklassenzimmer sorgt ein Kasperle-Theater f\u00fcr spannende und lebhafte Unterhaltung. Zwischenzeitlich wird der Zauberer ZIPPO einiges aus seiner Zauberwerkstatt zaubern und f\u00fcr`s Staunen sorgen. Ab 14.00 Uhr sind auch alle Verpflegungsst\u00e4nde ge\u00f6ffnet. Dazu geh\u00f6rt ein Grillstand, Getr\u00e4nke-Theke mit alkoholischen \u00a0und nichtalkoholischen Getr\u00e4nken und ein Weinausschank mit einem Angebot aus erlesenen Weinen von Familie Petra und Wolfgang Janz aus Rhein-Hessen. Brigitte Kellerbach, \u00a0mit ihrem umfangreichen Kuchenangebot, Waffeln, Kaffee, Cappuccino usw. mit s\u00fc\u00dfe Leckereien und Eis und eben auch der Grillstand sorgen f\u00fcr beste Verpflegung. Gegen 16.00 Uhr wird die Gesangsgruppe MasoMaso um Thomas Ahls f\u00fcr \u201ek\u00f6lsche Stimmung\u201c sorgen und das Tambuorcorps B\u00f6nninghardt \u00a0\u00a01949 e.V. bringt ein Geburtstagsst\u00e4ndchen. Ab 17.00 Uhr gibt es beste Party-Musik von DJ Frank Schreier, der zum Musik-Team Moers geh\u00f6rt und bis um 23.00 Uhr zum tanzen einl\u00e4dt. Diese Geburtstagsfeier soll f\u00fcr alle G\u00e4ste ein unvergesslicher Tag werden.<\/p>\n","protected":false},"excerpt":{"rendered":"<p>Geburtstagsfeier am Samstag, 13. Mai von 14.00 bis 23.00 Uhr Zu einer bunten, abwechslungsreichen und eintrittsfreien Geburtstagsfeier &#8211; 50 Jahre B\u00f6nninghardter Waldspielplatz &#8211; l\u00e4dt der B\u00f6nninghardter F\u00f6rderverein f\u00fcr Naturschutz und Brauchtum alle interessierten Kinder, Jugendliche und Erwachsene B\u00f6nninghardter*innen, aus den &hellip; <a href=\"https:\/\/www.waldspielplatz-boenninghardt.de\/index.php\/2023\/05\/05\/50-jahre-waldspielplatz-boenninghardt\/\">Weiterlesen <span class=\"meta-nav\">&rarr;<\/span><\/a><\/p>\n","protected":false},"author":1,"featured_media":0,"comment_status":"open","ping_status":"open","sticky":false,"template":"","format":"standard","meta":{"footnotes":""},"categories":[1],"tags":[],"class_list":["post-666","post","type-post","status-publish","format-standard","hentry","category-allgemein"],"_links":{"self":[{"href":"https:\/\/www.waldspielplatz-boenninghardt.de\/index.php\/wp-json\/wp\/v2\/posts\/666","targetHints":{"allow":["GET"]}}],"collection":[{"href":"https:\/\/www.waldspielplatz-boenninghardt.de\/index.php\/wp-json\/wp\/v2\/posts"}],"about":[{"href":"https:\/\/www.waldspielplatz-boenninghardt.de\/index.php\/wp-json\/wp\/v2\/types\/post"}],"author":[{"embeddable":true,"href":"https:\/\/www.waldspielplatz-boenninghardt.de\/index.php\/wp-json\/wp\/v2\/users\/1"}],"replies":[{"embeddable":true,"href":"https:\/\/www.waldspielplatz-boenninghardt.de\/index.php\/wp-json\/wp\/v2\/comments?post=666"}],"version-history":[{"count":1,"href":"https:\/\/www.waldspielplatz-boenninghardt.de\/index.php\/wp-json\/wp\/v2\/posts\/666\/revisions"}],"predecessor-version":[{"id":669,"href":"https:\/\/www.waldspielplatz-boenninghardt.de\/index.php\/wp-json\/wp\/v2\/posts\/666\/revisions\/669"}],"wp:attachment":[{"href":"https:\/\/www.waldspielplatz-boenninghardt.de\/index.php\/wp-json\/wp\/v2\/media?parent=666"}],"wp:term":[{"taxonomy":"category","embeddable":true,"href":"https:\/\/www.waldspielplatz-boenninghardt.de\/index.php\/wp-json\/wp\/v2\/categories?post=666"},{"taxonomy":"post_tag","embeddable":true,"href":"https:\/\/www.waldspielplatz-boenninghardt.de\/index.php\/wp-json\/wp\/v2\/tags?post=666"}],"curies":[{"name":"wp","href":"https:\/\/api.w.org\/{rel}","templated":true}]}}